{"id":5867,"date":"2024-10-30T13:27:52","date_gmt":"2024-10-30T12:27:52","guid":{"rendered":"https:\/\/www.varietatslocals.org\/?p=5867"},"modified":"2024-10-30T13:27:52","modified_gmt":"2024-10-30T12:27:52","slug":"lexposicio-then-sprouting-between-science-and-art-continues-to-make-its-way-through-mallorca","status":"publish","type":"post","link":"https:\/\/varietatslocals.org\/en\/lexposicio-llavors-brotant-entre-ciencia-i-art-segueix-fent-ruta-per-mallorca\/","title":{"rendered":"The exhibition &quot;Lavors, sprouting between science and art&quot; continues to tour Mallorca"},"content":{"rendered":"<p>From November 29 to February 16. Bei\u00f3 flour mill, Manacor.<\/p>\n\n\n\n<p>So far it has been located in Can Dom\u00e8nech, Alc\u00fadia and will travel to Manacor, thanks to the support of Manacor City Council. The inauguration will take place on Friday, November 29 at 5:30 p.m. at the flour mill in Bei\u00f3, at Passeig del Ferrocarril, 79 in Manacor.<\/p>\n\n\n\n<p>The exhibition consists of three artistic proposals that invite visitors to listen, take a closer look, manipulate and reflect on the seeds.<\/p>\n\n\n\n<ul class=\"wp-block-list\">\n<li>Marco Ranieri&#039;s mobile seed bank.<\/li>\n\n\n\n<li>Sound seeds by Javier Forment.<\/li>\n\n\n\n<li>The dance of the seeds. The germination of the knowledge of the Association of Local Varieties of Mallorca.<\/li>\n<\/ul>\n\n\n\n<p>These three artistic proposals were winners of the call for art and science collaboration launched at the initiative of researcher Raquel Ajates, as part of the research on sustainable seed systems. The call was an initiative funded by the project El repte de la Digitalizaci\u00f3n de Llavors -awarded with the Daniel Carasso Fellowship- and the UNED, in collaboration with the Earth Museum of the Carulla Foundation and the Xarxa Planea.<\/p>\n\n\n\n<p>After passing through Madrid and Catalonia, the interactive installation spent fifteen days at the CaixaForum in Palma thanks to the support of the Caixa Foundation, almost two months in Can Dom\u00e8nech, Alc\u00fadia and now it will go to Manacor. Thanks to the impetus and local curation by the Association of Local Varieties and the support of Manacor City Council. Visitors will be able to explore the beauty, cycles and challenges of seeds through artistic and scientific proposals that invite reflection and action to conserve them.<\/p>\n\n\n\n<p><a href=\"https:\/\/www.varietatslocals.org\/wp-content\/uploads\/2024\/08\/Dossier-Exposicion-Brotando-entre-Ciencia-y-Arte-promou-AVL_compressed.pdf\">Here you have access to the exhibition dossier<\/a><\/p>\n\n\n\n<figure class=\"wp-block-image size-full\"><img fetchpriority=\"high\" decoding=\"async\" width=\"1131\" height=\"1600\" src=\"https:\/\/www.varietatslocals.org\/wp-content\/uploads\/2024\/10\/Imatge-de-WhatsApp-2024-10-30-a-les-12.39.15_c978c99a.jpg\" alt=\"\" class=\"wp-image-5868\" title=\"\" srcset=\"https:\/\/varietatslocals.org\/wp-content\/uploads\/2024\/10\/Imatge-de-WhatsApp-2024-10-30-a-les-12.39.15_c978c99a.jpg 1131w, https:\/\/varietatslocals.org\/wp-content\/uploads\/2024\/10\/Imatge-de-WhatsApp-2024-10-30-a-les-12.39.15_c978c99a-768x1086.jpg 768w, https:\/\/varietatslocals.org\/wp-content\/uploads\/2024\/10\/Imatge-de-WhatsApp-2024-10-30-a-les-12.39.15_c978c99a-1086x1536.jpg 1086w, https:\/\/varietatslocals.org\/wp-content\/uploads\/2024\/10\/Imatge-de-WhatsApp-2024-10-30-a-les-12.39.15_c978c99a-8x12.jpg 8w, https:\/\/varietatslocals.org\/wp-content\/uploads\/2024\/10\/Imatge-de-WhatsApp-2024-10-30-a-les-12.39.15_c978c99a-600x849.jpg 600w\" sizes=\"(max-width: 1131px) 100vw, 1131px\" \/><\/figure>","protected":false},"excerpt":{"rendered":"<p>Del 29 de novembre al 16 de febrer. Farinera d&#8217;en Bei\u00f3, Manacor. Fins ara ha estat ubicada a Can Dom\u00e8nech, Alc\u00fadia i viatjar\u00e0 fins a Manacor, gr\u00e0cies al suport de l&#8217;Ajuntament de Manacor. La inauguraci\u00f3 tendr\u00e0 lloc divendres 29 de novembre a les 17:30h a la farinera d&#8217;en Bei\u00f3, al Passeig del Ferrocarril, 79 de [&hellip;]<\/p>\n","protected":false},"author":104,"featured_media":5869,"comment_status":"closed","ping_status":"open","sticky":false,"template":"","format":"standard","meta":{"_joinchat":[],"footnotes":""},"categories":[24],"tags":[],"class_list":["post-5867","post","type-post","status-publish","format-standard","has-post-thumbnail","hentry","category-actualitat-formacio"],"_links":{"self":[{"href":"https:\/\/varietatslocals.org\/en\/wp-json\/wp\/v2\/posts\/5867","targetHints":{"allow":["GET"]}}],"collection":[{"href":"https:\/\/varietatslocals.org\/en\/wp-json\/wp\/v2\/posts"}],"about":[{"href":"https:\/\/varietatslocals.org\/en\/wp-json\/wp\/v2\/types\/post"}],"author":[{"embeddable":true,"href":"https:\/\/varietatslocals.org\/en\/wp-json\/wp\/v2\/users\/104"}],"replies":[{"embeddable":true,"href":"https:\/\/varietatslocals.org\/en\/wp-json\/wp\/v2\/comments?post=5867"}],"version-history":[{"count":0,"href":"https:\/\/varietatslocals.org\/en\/wp-json\/wp\/v2\/posts\/5867\/revisions"}],"wp:featuredmedia":[{"embeddable":true,"href":"https:\/\/varietatslocals.org\/en\/wp-json\/wp\/v2\/media\/5869"}],"wp:attachment":[{"href":"https:\/\/varietatslocals.org\/en\/wp-json\/wp\/v2\/media?parent=5867"}],"wp:term":[{"taxonomy":"category","embeddable":true,"href":"https:\/\/varietatslocals.org\/en\/wp-json\/wp\/v2\/categories?post=5867"},{"taxonomy":"post_tag","embeddable":true,"href":"https:\/\/varietatslocals.org\/en\/wp-json\/wp\/v2\/tags?post=5867"}],"curies":[{"name":"wp","href":"https:\/\/api.w.org\/{rel}","templated":true}]}}