{"id":9837,"date":"2026-04-17T10:47:37","date_gmt":"2026-04-17T08:47:37","guid":{"rendered":"https:\/\/varietatslocals.org\/?p=9837"},"modified":"2026-04-17T10:47:40","modified_gmt":"2026-04-17T08:47:40","slug":"visit-of-the-rod-and-earth","status":"publish","type":"post","link":"https:\/\/varietatslocals.org\/en\/visita-de-biela-y-tierra\/","title":{"rendered":"Biela and Tierra&#039;s visit"},"content":{"rendered":"<p>Last month we received a visit from Edurne Caballero and Ana Santidri\u00e1n, from <a href=\"https:\/\/www.instagram.com\/bielaytierra\/\" target=\"_blank\" rel=\"noopener\">Connecting rod and Earth<\/a>, an entity that runs different initiatives in the agri-food sector, ensuring sustainability, ecofeminism and food sovereignty.<\/p>\n\n\n\n<p>Over the course of two months, they visited several projects throughout the territory to learn firsthand about transformative experiences linked to food production and consumption.<\/p>\n\n\n\n<p>Among these initiatives is the Association, where we were able to show them the different tasks that are carried out there, as well as the work of recovering, conserving and disseminating local varieties.<\/p>\n\n\n\n<figure class=\"wp-block-image size-full\"><img fetchpriority=\"high\" decoding=\"async\" width=\"720\" height=\"405\" src=\"https:\/\/varietatslocals.org\/wp-content\/uploads\/2026\/04\/Foto-grup.jpeg\" alt=\"\" class=\"wp-image-9838\" title=\"\" srcset=\"https:\/\/varietatslocals.org\/wp-content\/uploads\/2026\/04\/Foto-grup.jpeg 720w, https:\/\/varietatslocals.org\/wp-content\/uploads\/2026\/04\/Foto-grup-18x10.jpeg 18w, https:\/\/varietatslocals.org\/wp-content\/uploads\/2026\/04\/Foto-grup-600x338.jpeg 600w\" sizes=\"(max-width: 720px) 100vw, 720px\" \/><\/figure>","protected":false},"excerpt":{"rendered":"<p>El mes passat vam rebre la visita de n\u2019Edurne Caballero i n\u2019Ana Santidri\u00e1n, de Biela y Tierra, una entitat que recorr diferents iniciatives del sector agroalimentari, vetllant per la sostenibilitat, l\u2019ecofeminisme i la sobirania aliment\u00e0ria. Al llarg de dos mesos, han visitat diversos projectes arreu del territori per con\u00e8ixer de prop experi\u00e8ncies transformadores vinculades a [&hellip;]<\/p>\n","protected":false},"author":104,"featured_media":9833,"comment_status":"closed","ping_status":"open","sticky":false,"template":"","format":"standard","meta":{"_joinchat":[],"footnotes":""},"categories":[24],"tags":[],"class_list":["post-9837","post","type-post","status-publish","format-standard","has-post-thumbnail","hentry","category-actualitat-formacio"],"_links":{"self":[{"href":"https:\/\/varietatslocals.org\/en\/wp-json\/wp\/v2\/posts\/9837","targetHints":{"allow":["GET"]}}],"collection":[{"href":"https:\/\/varietatslocals.org\/en\/wp-json\/wp\/v2\/posts"}],"about":[{"href":"https:\/\/varietatslocals.org\/en\/wp-json\/wp\/v2\/types\/post"}],"author":[{"embeddable":true,"href":"https:\/\/varietatslocals.org\/en\/wp-json\/wp\/v2\/users\/104"}],"replies":[{"embeddable":true,"href":"https:\/\/varietatslocals.org\/en\/wp-json\/wp\/v2\/comments?post=9837"}],"version-history":[{"count":1,"href":"https:\/\/varietatslocals.org\/en\/wp-json\/wp\/v2\/posts\/9837\/revisions"}],"predecessor-version":[{"id":9839,"href":"https:\/\/varietatslocals.org\/en\/wp-json\/wp\/v2\/posts\/9837\/revisions\/9839"}],"wp:featuredmedia":[{"embeddable":true,"href":"https:\/\/varietatslocals.org\/en\/wp-json\/wp\/v2\/media\/9833"}],"wp:attachment":[{"href":"https:\/\/varietatslocals.org\/en\/wp-json\/wp\/v2\/media?parent=9837"}],"wp:term":[{"taxonomy":"category","embeddable":true,"href":"https:\/\/varietatslocals.org\/en\/wp-json\/wp\/v2\/categories?post=9837"},{"taxonomy":"post_tag","embeddable":true,"href":"https:\/\/varietatslocals.org\/en\/wp-json\/wp\/v2\/tags?post=9837"}],"curies":[{"name":"wp","href":"https:\/\/api.w.org\/{rel}","templated":true}]}}