{"id":9840,"date":"2026-04-17T11:35:42","date_gmt":"2026-04-17T09:35:42","guid":{"rendered":"https:\/\/varietatslocals.org\/?p=9840"},"modified":"2026-04-17T11:35:46","modified_gmt":"2026-04-17T09:35:46","slug":"we-have-two-internship-students-for-this-quarter","status":"publish","type":"post","link":"https:\/\/varietatslocals.org\/en\/tenim-dos-alumnes-de-practiques-per-aquest-trimestre\/","title":{"rendered":"We have two internship students for this term."},"content":{"rendered":"<p>Neus and Alejandro are Biology and Geography students at the University of the Balearic Islands respectively and are doing their internships at the Association.<\/p>\n\n\n\n<p>Internships allow them to develop professional skills, acquire new learning and learn about the reality of an association like ours.<\/p>\n\n\n\n<p>Neus and Alejandro participate in different activities related to the multiplication of seeds and fruit trees, especially on Mondays, when we carry out volunteer days.<\/p>\n\n\n\n<p>At the Association, we greatly value the fact that they choose us, get to know us and participate with great dedication in our day-to-day life because internship students bring us a fresh vision, young talent and new ideas.<\/p>\n\n\n\n<figure class=\"wp-block-image size-full\"><img fetchpriority=\"high\" decoding=\"async\" width=\"2040\" height=\"1536\" src=\"https:\/\/varietatslocals.org\/wp-content\/uploads\/2026\/04\/Alejandro-Matas-i-Neus-abril2026.jpeg\" alt=\"\" class=\"wp-image-9831\" title=\"\" srcset=\"https:\/\/varietatslocals.org\/wp-content\/uploads\/2026\/04\/Alejandro-Matas-i-Neus-abril2026.jpeg 2040w, https:\/\/varietatslocals.org\/wp-content\/uploads\/2026\/04\/Alejandro-Matas-i-Neus-abril2026-768x578.jpeg 768w, https:\/\/varietatslocals.org\/wp-content\/uploads\/2026\/04\/Alejandro-Matas-i-Neus-abril2026-1536x1157.jpeg 1536w, https:\/\/varietatslocals.org\/wp-content\/uploads\/2026\/04\/Alejandro-Matas-i-Neus-abril2026-16x12.jpeg 16w, https:\/\/varietatslocals.org\/wp-content\/uploads\/2026\/04\/Alejandro-Matas-i-Neus-abril2026-1320x994.jpeg 1320w, https:\/\/varietatslocals.org\/wp-content\/uploads\/2026\/04\/Alejandro-Matas-i-Neus-abril2026-600x452.jpeg 600w\" sizes=\"(max-width: 2040px) 100vw, 2040px\" \/><\/figure>","protected":false},"excerpt":{"rendered":"<p>Na Neus i n&#8217;Alejandro s\u00f3n alumnes de Biologia i Geografia de la Universitat de les Illes Balears respectivament i cursen les pr\u00e0ctiques externes a l&#8217;Associaci\u00f3. Les pr\u00e0ctiques els permeten desenvolupar les compet\u00e8ncies professionals, adquirir nous aprenentatges i con\u00e8ixer la realitat d&#8217;una associaci\u00f3 com la nostra. Na Neus i n&#8217;Alejandro participen de diferents activitats relacionades amb [&hellip;]<\/p>\n","protected":false},"author":104,"featured_media":9831,"comment_status":"closed","ping_status":"open","sticky":false,"template":"","format":"standard","meta":{"_joinchat":[],"footnotes":""},"categories":[24],"tags":[],"class_list":["post-9840","post","type-post","status-publish","format-standard","has-post-thumbnail","hentry","category-actualitat-formacio"],"_links":{"self":[{"href":"https:\/\/varietatslocals.org\/en\/wp-json\/wp\/v2\/posts\/9840","targetHints":{"allow":["GET"]}}],"collection":[{"href":"https:\/\/varietatslocals.org\/en\/wp-json\/wp\/v2\/posts"}],"about":[{"href":"https:\/\/varietatslocals.org\/en\/wp-json\/wp\/v2\/types\/post"}],"author":[{"embeddable":true,"href":"https:\/\/varietatslocals.org\/en\/wp-json\/wp\/v2\/users\/104"}],"replies":[{"embeddable":true,"href":"https:\/\/varietatslocals.org\/en\/wp-json\/wp\/v2\/comments?post=9840"}],"version-history":[{"count":1,"href":"https:\/\/varietatslocals.org\/en\/wp-json\/wp\/v2\/posts\/9840\/revisions"}],"predecessor-version":[{"id":9842,"href":"https:\/\/varietatslocals.org\/en\/wp-json\/wp\/v2\/posts\/9840\/revisions\/9842"}],"wp:featuredmedia":[{"embeddable":true,"href":"https:\/\/varietatslocals.org\/en\/wp-json\/wp\/v2\/media\/9831"}],"wp:attachment":[{"href":"https:\/\/varietatslocals.org\/en\/wp-json\/wp\/v2\/media?parent=9840"}],"wp:term":[{"taxonomy":"category","embeddable":true,"href":"https:\/\/varietatslocals.org\/en\/wp-json\/wp\/v2\/categories?post=9840"},{"taxonomy":"post_tag","embeddable":true,"href":"https:\/\/varietatslocals.org\/en\/wp-json\/wp\/v2\/tags?post=9840"}],"curies":[{"name":"wp","href":"https:\/\/api.w.org\/{rel}","templated":true}]}}