{"id":1537,"date":"2022-10-20T12:03:56","date_gmt":"2022-10-20T10:03:56","guid":{"rendered":"https:\/\/enricoriolc13.sg-host.com\/visita-a-sobrador\/"},"modified":"2024-01-30T21:21:58","modified_gmt":"2024-01-30T20:21:58","slug":"visita-a-sobrador","status":"publish","type":"post","link":"https:\/\/varietatslocals.org\/es\/visita-a-sobrador\/","title":{"rendered":"Visita a S&#039;Obrador \u2013 Espacio colectivo de conservas y elaborados"},"content":{"rendered":"<p>Como cada a\u00f1o queremos dar a conocer la labor de alguno de nuestros socios, y por eso continuamos las visitas a sus fincas o proyectos.<\/p>\n<p> Este a\u00f1o hemos elegido el proyecto de S&#039;Obrador \u2013 Espacio colectivo de conservas y elaborados, gestionado por APAEMA. \u00c9ste es un servicio de elaboraci\u00f3n de conservas vegetales para productores para facilitarles la posibilidad de dar valor a\u00f1adido a sus productos. Un proyecto de cocina industrial que pretende ser un instrumento de transformaci\u00f3n para el sector ecol\u00f3gico de Mallorca.<\/p>\n<p> Fecha y hora: s\u00e1bado 22 de octubre, de 10 a 12 h<br \/>\n Lugar: S&#039;Obrador (<a href=\"https:\/\/goo.gl\/maps\/7RfMFoZTF2hFSWMG7\" target=\"_blank\" rel=\"noopener\">Crta. Palma-Alcudia km 23,4. Binissalem<\/a>)<br \/>\n Imparte: Marta Terrassa, t\u00e9cnica responsable del proyecto S&#039;Obrador.<br \/>\n Inscripciones: a trav\u00e9s del enlace <a href=\"https:\/\/forms.gle\/hxSx4nfgCCLbeffo9\" target=\"_blank\" rel=\"noopener\">https:\/\/forms.gle\/hxSx4nfgCCLbeffo9<\/a><br \/>\n M\u00e1s informaci\u00f3n: <a href=\"mailto:cursos@varietatslocals.org\" target=\"_blank\" rel=\"noopener noreferrer\">cursos@varietatslocals.org<\/a><br \/>\n Coste de la visita<br \/>\n Socios AVL: gratuita<br \/>\n No socios: 5 \u20ac (se pagar\u00e1n all\u00ed mismo, os agradecemos que lo lleve justo)<\/p>\n<p> 20 de octubre de 2022<\/p>\n<div id='gallery-1' class='gallery galleryid-1537 gallery-columns-1 gallery-size-full'><figure class='gallery-item'>\n\t\t\t<div class='gallery-icon portrait'>\n\t\t\t\t<img fetchpriority=\"high\" decoding=\"async\" width=\"724\" height=\"1024\" src=\"https:\/\/varietatslocals.org\/wp-content\/uploads\/2024\/01\/Visita-Socis-Obrador-2022_5NOV.jpg\" class=\"attachment-full size-full\" alt=\"\" srcset=\"https:\/\/varietatslocals.org\/wp-content\/uploads\/2024\/01\/Visita-Socis-Obrador-2022_5NOV.jpg 724w, https:\/\/varietatslocals.org\/wp-content\/uploads\/2024\/01\/Visita-Socis-Obrador-2022_5NOV-600x849.jpg 600w\" sizes=\"(max-width: 724px) 100vw, 724px\" title=\"\">\n\t\t\t<\/div><\/figure>\n\t\t<\/div>","protected":false},"excerpt":{"rendered":"<p>Visitamos proyectos o fincas socias<\/p>","protected":false},"author":104,"featured_media":1792,"comment_status":"closed","ping_status":"closed","sticky":false,"template":"","format":"standard","meta":{"_joinchat":[],"footnotes":""},"categories":[24],"tags":[],"class_list":["post-1537","post","type-post","status-publish","format-standard","has-post-thumbnail","hentry","category-actualitat-formacio"],"_links":{"self":[{"href":"https:\/\/varietatslocals.org\/es\/wp-json\/wp\/v2\/posts\/1537","targetHints":{"allow":["GET"]}}],"collection":[{"href":"https:\/\/varietatslocals.org\/es\/wp-json\/wp\/v2\/posts"}],"about":[{"href":"https:\/\/varietatslocals.org\/es\/wp-json\/wp\/v2\/types\/post"}],"author":[{"embeddable":true,"href":"https:\/\/varietatslocals.org\/es\/wp-json\/wp\/v2\/users\/104"}],"replies":[{"embeddable":true,"href":"https:\/\/varietatslocals.org\/es\/wp-json\/wp\/v2\/comments?post=1537"}],"version-history":[{"count":0,"href":"https:\/\/varietatslocals.org\/es\/wp-json\/wp\/v2\/posts\/1537\/revisions"}],"wp:featuredmedia":[{"embeddable":true,"href":"https:\/\/varietatslocals.org\/es\/wp-json\/wp\/v2\/media\/1792"}],"wp:attachment":[{"href":"https:\/\/varietatslocals.org\/es\/wp-json\/wp\/v2\/media?parent=1537"}],"wp:term":[{"taxonomy":"category","embeddable":true,"href":"https:\/\/varietatslocals.org\/es\/wp-json\/wp\/v2\/categories?post=1537"},{"taxonomy":"post_tag","embeddable":true,"href":"https:\/\/varietatslocals.org\/es\/wp-json\/wp\/v2\/tags?post=1537"}],"curies":[{"name":"wp","href":"https:\/\/api.w.org\/{rel}","templated":true}]}}