{"id":1611,"date":"2023-10-20T08:00:54","date_gmt":"2023-10-20T06:00:54","guid":{"rendered":"https:\/\/enricoriolc13.sg-host.com\/curs-tecniques-de-multiplicacio-neteja-i-conservacio-de-la-llavor-nov23\/"},"modified":"2024-01-30T21:21:59","modified_gmt":"2024-01-30T20:21:59","slug":"curso-tecnicas-de-multiplicacion-limpieza-y-conservacion-de-la-semilla-nov23","status":"publish","type":"post","link":"https:\/\/varietatslocals.org\/es\/curs-tecniques-de-multiplicacio-neteja-i-conservacio-de-la-llavor-nov23\/","title":{"rendered":"Curso \u201cT\u00e9cnicas de multiplicaci\u00f3n, limpieza y conservaci\u00f3n de la semilla\u201d"},"content":{"rendered":"<p>Os ofrecemos un nuevo curso presencial, gratuito y de 10 horas de duraci\u00f3n, para aprender las principales t\u00e9cnicas de extracci\u00f3n, limpieza y posterior conservaci\u00f3n de diferentes semillas variedades locales de temporada, as\u00ed como los criterios b\u00e1sicos de selecci\u00f3n y multiplicaci\u00f3n. Este curso constar\u00e1 de dos sesiones te\u00f3rico-pr\u00e1cticas, y tiene limitaci\u00f3n de plazas. Por favor, apunte s\u00f3lo si puede asistir, ya que si no, estar\u00e1 privando de plaza a otra gente.<\/p>\n<p> &quot;T\u00e9cnicas de multiplicaci\u00f3n, limpieza y conservaci\u00f3n de la semilla&quot;<br \/>\n Fecha y hora: viernes 3 de 16 a 21 hy s\u00e1bado 4 de 9 a 14 h.<br \/>\n Lugar: Sede de la AVL. <a href=\"https:\/\/g.page\/varietatslocals?share\">C\/de Sala 13, Porreres.<\/a><br \/>\n Imparte: Aina Socies y Maria Massanet, t\u00e9cnicas de la AVL.<\/p>\n<p> Inscripciones: a trav\u00e9s del enlace <a href=\"https:\/\/forms.gle\/6j7uumBjoSmpVF188\" target=\"_blank\" rel=\"noopener\">https:\/\/forms.gle\/6j7uumBjoSmpVF188<\/a><br \/>\n M\u00e1s informaci\u00f3n: 722 782 536 \/ <a href=\"mailto:cursos@varietatslocals.org\" target=\"_blank\" rel=\"noopener noreferrer\">cursos@varietatslocals.org<\/a><\/p>\n<p> Curso incluido en la <strong>&quot;Propuesta formativa 2023\/2024 sobre la agrobiodiversidad y las variedades locales&quot;<\/strong>, subvencionados por la ayuda de formaci\u00f3n profesional y adquisici\u00f3n de competencias. #feintrabajoPDR #feinempleocontu #feinfeinaperatu<\/p>\n<p> 20 de octubre de 2023<\/p>\n<div id='gallery-1' class='gallery galleryid-1611 gallery-columns-1 gallery-size-full'><figure class='gallery-item'>\n\t\t\t<div class='gallery-icon portrait'>\n\t\t\t\t<img fetchpriority=\"high\" decoding=\"async\" width=\"595\" height=\"842\" src=\"https:\/\/varietatslocals.org\/wp-content\/uploads\/2024\/01\/Tecniques-de-multiplicacio_novembre.jpg\" class=\"attachment-full size-full\" alt=\"\" title=\"\">\n\t\t\t<\/div><\/figure>\n\t\t<\/div>","protected":false},"excerpt":{"rendered":"<p>#FeinempleoPDR<\/p>","protected":false},"author":104,"featured_media":1830,"comment_status":"closed","ping_status":"closed","sticky":false,"template":"","format":"standard","meta":{"_joinchat":[],"footnotes":""},"categories":[24],"tags":[],"class_list":["post-1611","post","type-post","status-publish","format-standard","has-post-thumbnail","hentry","category-actualitat-formacio"],"_links":{"self":[{"href":"https:\/\/varietatslocals.org\/es\/wp-json\/wp\/v2\/posts\/1611","targetHints":{"allow":["GET"]}}],"collection":[{"href":"https:\/\/varietatslocals.org\/es\/wp-json\/wp\/v2\/posts"}],"about":[{"href":"https:\/\/varietatslocals.org\/es\/wp-json\/wp\/v2\/types\/post"}],"author":[{"embeddable":true,"href":"https:\/\/varietatslocals.org\/es\/wp-json\/wp\/v2\/users\/104"}],"replies":[{"embeddable":true,"href":"https:\/\/varietatslocals.org\/es\/wp-json\/wp\/v2\/comments?post=1611"}],"version-history":[{"count":0,"href":"https:\/\/varietatslocals.org\/es\/wp-json\/wp\/v2\/posts\/1611\/revisions"}],"wp:featuredmedia":[{"embeddable":true,"href":"https:\/\/varietatslocals.org\/es\/wp-json\/wp\/v2\/media\/1830"}],"wp:attachment":[{"href":"https:\/\/varietatslocals.org\/es\/wp-json\/wp\/v2\/media?parent=1611"}],"wp:term":[{"taxonomy":"category","embeddable":true,"href":"https:\/\/varietatslocals.org\/es\/wp-json\/wp\/v2\/categories?post=1611"},{"taxonomy":"post_tag","embeddable":true,"href":"https:\/\/varietatslocals.org\/es\/wp-json\/wp\/v2\/tags?post=1611"}],"curies":[{"name":"wp","href":"https:\/\/api.w.org\/{rel}","templated":true}]}}