{"id":1625,"date":"2023-11-10T10:27:44","date_gmt":"2023-11-10T09:27:44","guid":{"rendered":"https:\/\/enricoriolc13.sg-host.com\/curs-en-linia-normativa-entorn-de-la-gestio-de-la-biodiversitat-cultivada\/"},"modified":"2024-01-30T21:22:00","modified_gmt":"2024-01-30T20:22:00","slug":"curso-en-linea-normativa-en-torno-a-la-gestion-de-la-biodiversidad-cultivada","status":"publish","type":"post","link":"https:\/\/varietatslocals.org\/es\/curs-en-linia-normativa-entorn-de-la-gestio-de-la-biodiversitat-cultivada\/","title":{"rendered":"Curso online \u201cNormativa en torno a la gesti\u00f3n de la biodiversidad cultivada\u201d"},"content":{"rendered":"<p>Te ofrecemos un nuevo curso online, gratuito y de 3 horas de duraci\u00f3n. Conoceremos el marco normativo que regula el uso de semillas y la situaci\u00f3n actual de las variedades locales en t\u00e9rminos de normativa.<\/p>\n<p> &quot;Normativa en torno a la gesti\u00f3n de la biodiversidad cultivada&quot;<br \/>\n Fecha y hora: jueves 23 de noviembre de 17 a 20 h.<br \/>\n Lugar: En l\u00ednea. Enviaremos el enlace a todas las personas que se hayan apuntado en el curso.<br \/>\n Lo imparte: Mar\u00eda Carrascosa. Presidenta de Red de Semillas y miembro de Fundaci\u00f3n<br \/>\n Entretantos<\/p>\n<p> Inscripciones: a trav\u00e9s del enlace <a href=\"https:\/\/forms.gle\/c6ZUTPdYPCvxsFDs8\" target=\"_blank\" rel=\"noopener\">https:\/\/forms.gle\/c6ZUTPdYPCvxsFDs8<\/a><br \/>\n M\u00e1s informaci\u00f3n: 722 782 536 \/ <a href=\"mailto:cursos@varietatslocals.org\" target=\"_blank\" rel=\"noopener noreferrer\">cursos@varietatslocals.org<\/a><\/p>\n<p> Curso incluido en la <strong>&quot;Propuesta formativa 2023\/2024 sobre la agrobiodiversidad y las variedades locales&quot;<\/strong>, subvencionados por la ayuda de formaci\u00f3n profesional y adquisici\u00f3n de competencias. #feintrabajoPDR #feinempleocontu #feinfeinaperatu<\/p>\n<p> 11 de noviembre de 2023<\/p>\n<div id='gallery-1' class='gallery galleryid-1625 gallery-columns-1 gallery-size-full'><figure class='gallery-item'>\n\t\t\t<div class='gallery-icon portrait'>\n\t\t\t\t<img fetchpriority=\"high\" decoding=\"async\" width=\"724\" height=\"1024\" src=\"https:\/\/varietatslocals.org\/wp-content\/uploads\/2024\/01\/Normativa-entorn-de-la-gestio-de-la-biodiversitat-cultivada_page-0001.jpg\" class=\"attachment-full size-full\" alt=\"\" srcset=\"https:\/\/varietatslocals.org\/wp-content\/uploads\/2024\/01\/Normativa-entorn-de-la-gestio-de-la-biodiversitat-cultivada_page-0001.jpg 724w, https:\/\/varietatslocals.org\/wp-content\/uploads\/2024\/01\/Normativa-entorn-de-la-gestio-de-la-biodiversitat-cultivada_page-0001-600x849.jpg 600w\" sizes=\"(max-width: 724px) 100vw, 724px\" title=\"\">\n\t\t\t<\/div><\/figure>\n\t\t<\/div>","protected":false},"excerpt":{"rendered":"<p>#FeinempleoPDR<\/p>","protected":false},"author":104,"featured_media":1837,"comment_status":"closed","ping_status":"closed","sticky":false,"template":"","format":"standard","meta":{"_joinchat":[],"footnotes":""},"categories":[24],"tags":[],"class_list":["post-1625","post","type-post","status-publish","format-standard","has-post-thumbnail","hentry","category-actualitat-formacio"],"_links":{"self":[{"href":"https:\/\/varietatslocals.org\/es\/wp-json\/wp\/v2\/posts\/1625","targetHints":{"allow":["GET"]}}],"collection":[{"href":"https:\/\/varietatslocals.org\/es\/wp-json\/wp\/v2\/posts"}],"about":[{"href":"https:\/\/varietatslocals.org\/es\/wp-json\/wp\/v2\/types\/post"}],"author":[{"embeddable":true,"href":"https:\/\/varietatslocals.org\/es\/wp-json\/wp\/v2\/users\/104"}],"replies":[{"embeddable":true,"href":"https:\/\/varietatslocals.org\/es\/wp-json\/wp\/v2\/comments?post=1625"}],"version-history":[{"count":0,"href":"https:\/\/varietatslocals.org\/es\/wp-json\/wp\/v2\/posts\/1625\/revisions"}],"wp:featuredmedia":[{"embeddable":true,"href":"https:\/\/varietatslocals.org\/es\/wp-json\/wp\/v2\/media\/1837"}],"wp:attachment":[{"href":"https:\/\/varietatslocals.org\/es\/wp-json\/wp\/v2\/media?parent=1625"}],"wp:term":[{"taxonomy":"category","embeddable":true,"href":"https:\/\/varietatslocals.org\/es\/wp-json\/wp\/v2\/categories?post=1625"},{"taxonomy":"post_tag","embeddable":true,"href":"https:\/\/varietatslocals.org\/es\/wp-json\/wp\/v2\/tags?post=1625"}],"curies":[{"name":"wp","href":"https:\/\/api.w.org\/{rel}","templated":true}]}}