{"id":1633,"date":"2023-11-29T09:00:03","date_gmt":"2023-11-29T08:00:03","guid":{"rendered":"https:\/\/enricoriolc13.sg-host.com\/curs-els-fruiters-de-varietats-locals-caracteristiques-cuktiu-i-multiplicacio\/"},"modified":"2024-01-30T21:22:00","modified_gmt":"2024-01-30T20:22:00","slug":"curso-los-frutales-de-variedades-locales-caracteristicas-cuktivo-y-multiplicacion","status":"publish","type":"post","link":"https:\/\/varietatslocals.org\/es\/curs-els-fruiters-de-varietats-locals-caracteristiques-cuktiu-i-multiplicacio\/","title":{"rendered":"Curso \u201cLos frutales de variedades locales. Caracter\u00edsticas, cultivo y multiplicaci\u00f3n\u201d"},"content":{"rendered":"<p>Te ofrecemos un nuevo curso presencial, gratuito y de 10 horas de duraci\u00f3n. El curso se realizar\u00e1 en una sesi\u00f3n te\u00f3rica donde aprenderemos a reconocer diferentes frutales de variedades locales y una parte pr\u00e1ctica (visita a una finca) que permitir\u00e1 aplicar los conocimientos te\u00f3ricos a una situaci\u00f3n real.<\/p>\n<p> Fecha y hora: Viernes 22 de diciembre de 16 a 21 hy s\u00e1bado 23 de diciembre de 9 a 14 h<\/p>\n<p> Lugar: Edificio de personas mayores. Plaza de la Constituci\u00f3n, s\/n, 1er piso, San Juan<\/p>\n<p> Lo imparte: Lloren\u00e7 Payeras. Ingeniero t\u00e9cnico agr\u00edcola y experto en variedades locales de frutales de Mallorca.<\/p>\n<p> Inscripciones: a trav\u00e9s del enlace<a href=\"https:\/\/forms.gle\/3MaNmV5nde24CE5A7\" target=\"_blank\" rel=\"noopener\"> https:\/\/forms.gle\/vRWKaPG3a9Eujqdn8<\/a><\/p>\n<p> M\u00e1s informaci\u00f3n: 722 782 536 \/ <a href=\"mailto:cursos@varietatslocals.org\" target=\"_blank\" rel=\"noopener\">cursos@varietatslocals.org<\/a><\/p>\n<p> Este curso es presencial y gratuito y como con el resto de cursos tambi\u00e9n puedes conseguir certificado de aprovechamiento. Por favor, ap\u00fantate s\u00f3lo si puedes asistir, porque si no, est\u00e1s privando de plaza a otra gente.<\/p>\n<p> Curso incluido en la <strong>&quot;Propuesta formativa 2023\/2024 sobre la agrobiodiversidad y las variedades locales&quot;<\/strong>, subvencionados por la ayuda de formaci\u00f3n profesional y adquisici\u00f3n de competencias. #feintrabajoPDR #feinempleocontu #feinfeinaperatu<\/p>\n<div id='gallery-1' class='gallery galleryid-1633 gallery-columns-1 gallery-size-full'><figure class='gallery-item'>\n\t\t\t<div class='gallery-icon portrait'>\n\t\t\t\t<img fetchpriority=\"high\" decoding=\"async\" width=\"724\" height=\"1024\" src=\"https:\/\/varietatslocals.org\/wp-content\/uploads\/2024\/01\/Els-fruiters-de-varietats-locals.-Caracteristiques-cultiu-i-multiplicacio_page-0001.jpg\" class=\"attachment-full size-full\" alt=\"\" srcset=\"https:\/\/varietatslocals.org\/wp-content\/uploads\/2024\/01\/Els-fruiters-de-varietats-locals.-Caracteristiques-cultiu-i-multiplicacio_page-0001.jpg 724w, https:\/\/varietatslocals.org\/wp-content\/uploads\/2024\/01\/Els-fruiters-de-varietats-locals.-Caracteristiques-cultiu-i-multiplicacio_page-0001-600x849.jpg 600w\" sizes=\"(max-width: 724px) 100vw, 724px\" title=\"\">\n\t\t\t<\/div><\/figure>\n\t\t<\/div>","protected":false},"excerpt":{"rendered":"<p>#FeinempleoPDR<\/p>","protected":false},"author":104,"featured_media":1841,"comment_status":"closed","ping_status":"closed","sticky":false,"template":"","format":"standard","meta":{"_joinchat":[],"footnotes":""},"categories":[24],"tags":[],"class_list":["post-1633","post","type-post","status-publish","format-standard","has-post-thumbnail","hentry","category-actualitat-formacio"],"_links":{"self":[{"href":"https:\/\/varietatslocals.org\/es\/wp-json\/wp\/v2\/posts\/1633","targetHints":{"allow":["GET"]}}],"collection":[{"href":"https:\/\/varietatslocals.org\/es\/wp-json\/wp\/v2\/posts"}],"about":[{"href":"https:\/\/varietatslocals.org\/es\/wp-json\/wp\/v2\/types\/post"}],"author":[{"embeddable":true,"href":"https:\/\/varietatslocals.org\/es\/wp-json\/wp\/v2\/users\/104"}],"replies":[{"embeddable":true,"href":"https:\/\/varietatslocals.org\/es\/wp-json\/wp\/v2\/comments?post=1633"}],"version-history":[{"count":0,"href":"https:\/\/varietatslocals.org\/es\/wp-json\/wp\/v2\/posts\/1633\/revisions"}],"wp:featuredmedia":[{"embeddable":true,"href":"https:\/\/varietatslocals.org\/es\/wp-json\/wp\/v2\/media\/1841"}],"wp:attachment":[{"href":"https:\/\/varietatslocals.org\/es\/wp-json\/wp\/v2\/media?parent=1633"}],"wp:term":[{"taxonomy":"category","embeddable":true,"href":"https:\/\/varietatslocals.org\/es\/wp-json\/wp\/v2\/categories?post=1633"},{"taxonomy":"post_tag","embeddable":true,"href":"https:\/\/varietatslocals.org\/es\/wp-json\/wp\/v2\/tags?post=1633"}],"curies":[{"name":"wp","href":"https:\/\/api.w.org\/{rel}","templated":true}]}}