{"id":5867,"date":"2024-10-30T13:27:52","date_gmt":"2024-10-30T12:27:52","guid":{"rendered":"https:\/\/www.varietatslocals.org\/?p=5867"},"modified":"2024-10-30T13:27:52","modified_gmt":"2024-10-30T12:27:52","slug":"la-exposicion-entonces-brotando-entre-ciencia-y-arte-sigue-haciendo-ruta-por-mallorca","status":"publish","type":"post","link":"https:\/\/varietatslocals.org\/es\/lexposicio-llavors-brotant-entre-ciencia-i-art-segueix-fent-ruta-per-mallorca\/","title":{"rendered":"La exposici\u00f3n \u201cEntonces, brotando entre ciencia y arte\u201d sigue haciendo ruta por Mallorca"},"content":{"rendered":"<p>Del 29 de noviembre al 16 de febrero. Harinera de Bei\u00f3, Manacor.<\/p>\n\n\n\n<p>Hasta ahora ha estado ubicada en Can Dom\u00e8nech, Alc\u00fadia y viajar\u00e1 hasta Manacor, gracias al apoyo del Ayuntamiento de Manacor. La inauguraci\u00f3n tendr\u00e1 lugar el viernes 29 de noviembre a las 17:30h en la harinera de Bei\u00f3, en el Paseo del Ferrocarril, 79 de Manacor.<\/p>\n\n\n\n<p>La exposici\u00f3n consiste en tres propuestas art\u00edsticas que invitan a los visitantes a escuchar, mirar m\u00e1s cerca, manipular y reflexionar sobre las semillas.<\/p>\n\n\n\n<ul class=\"wp-block-list\">\n<li>Banco m\u00f3vil de semillas de Marco Ranieri.<\/li>\n\n\n\n<li>Entonces sonoras de Javier Forment.<\/li>\n\n\n\n<li>El baile de las semillas. La germinaci\u00f3n del conocimiento de la Asociaci\u00f3n de Variedades Locales de Mallorca.<\/li>\n<\/ul>\n\n\n\n<p>Estas tres propuestas art\u00edsticas fueron ganadoras de la convocatoria de colaboraci\u00f3n de arte y ciencia lanzada a iniciativa de la investigadora Raquel Ajates, en el marco de la investigaci\u00f3n sobre sistemas de semillas sostenibles. La convocatoria fue una iniciativa financiada por el proyecto El reto de la Digitalizaci\u00f3n de Semillas -galardonado con Daniel Carasso Fellowship- y la UNED, en colaboraci\u00f3n con el Museo Tierra de la Fundaci\u00f3n Carulla y la Red Planea.<\/p>\n\n\n\n<p>Tras pasar por Madrid y por Catalu\u00f1a, la instalaci\u00f3n interactiva ha estado quince d\u00edas en el CaixaForum de Palma gracias al apoyo de la Fundaci\u00f3n la Caixa, casi dos meses en Can Dom\u00e8nech, Alc\u00fadia y ahora ir\u00e1 a Manacor. Gracias al impulso y comisariado local por parte de la Asociaci\u00f3n de Variedades Locales y al apoyo del Ayuntamiento de Manacor. Los visitantes podr\u00e1n explorar la belleza, los ciclos y los retos de las semillas a trav\u00e9s de propuestas art\u00edsticas y cient\u00edficas que invitan a la reflexi\u00f3n y la acci\u00f3n para conservarlas.<\/p>\n\n\n\n<p><a href=\"https:\/\/www.varietatslocals.org\/wp-content\/uploads\/2024\/08\/Dossier-Exposicion-Brotando-entre-Ciencia-y-Arte-promou-AVL_compressed.pdf\">Aqu\u00ed tiene acceso al dossier de la exposici\u00f3n<\/a><\/p>\n\n\n\n<figure class=\"wp-block-image size-full\"><img fetchpriority=\"high\" decoding=\"async\" width=\"1131\" height=\"1600\" src=\"https:\/\/www.varietatslocals.org\/wp-content\/uploads\/2024\/10\/Imatge-de-WhatsApp-2024-10-30-a-les-12.39.15_c978c99a.jpg\" alt=\"\" class=\"wp-image-5868\" title=\"\" srcset=\"https:\/\/varietatslocals.org\/wp-content\/uploads\/2024\/10\/Imatge-de-WhatsApp-2024-10-30-a-les-12.39.15_c978c99a.jpg 1131w, https:\/\/varietatslocals.org\/wp-content\/uploads\/2024\/10\/Imatge-de-WhatsApp-2024-10-30-a-les-12.39.15_c978c99a-768x1086.jpg 768w, https:\/\/varietatslocals.org\/wp-content\/uploads\/2024\/10\/Imatge-de-WhatsApp-2024-10-30-a-les-12.39.15_c978c99a-1086x1536.jpg 1086w, https:\/\/varietatslocals.org\/wp-content\/uploads\/2024\/10\/Imatge-de-WhatsApp-2024-10-30-a-les-12.39.15_c978c99a-8x12.jpg 8w, https:\/\/varietatslocals.org\/wp-content\/uploads\/2024\/10\/Imatge-de-WhatsApp-2024-10-30-a-les-12.39.15_c978c99a-600x849.jpg 600w\" sizes=\"(max-width: 1131px) 100vw, 1131px\" \/><\/figure>","protected":false},"excerpt":{"rendered":"<p>Del 29 de novembre al 16 de febrer. Farinera d&#8217;en Bei\u00f3, Manacor. Fins ara ha estat ubicada a Can Dom\u00e8nech, Alc\u00fadia i viatjar\u00e0 fins a Manacor, gr\u00e0cies al suport de l&#8217;Ajuntament de Manacor. La inauguraci\u00f3 tendr\u00e0 lloc divendres 29 de novembre a les 17:30h a la farinera d&#8217;en Bei\u00f3, al Passeig del Ferrocarril, 79 de [&hellip;]<\/p>\n","protected":false},"author":104,"featured_media":5869,"comment_status":"closed","ping_status":"open","sticky":false,"template":"","format":"standard","meta":{"_joinchat":[],"footnotes":""},"categories":[24],"tags":[],"class_list":["post-5867","post","type-post","status-publish","format-standard","has-post-thumbnail","hentry","category-actualitat-formacio"],"_links":{"self":[{"href":"https:\/\/varietatslocals.org\/es\/wp-json\/wp\/v2\/posts\/5867","targetHints":{"allow":["GET"]}}],"collection":[{"href":"https:\/\/varietatslocals.org\/es\/wp-json\/wp\/v2\/posts"}],"about":[{"href":"https:\/\/varietatslocals.org\/es\/wp-json\/wp\/v2\/types\/post"}],"author":[{"embeddable":true,"href":"https:\/\/varietatslocals.org\/es\/wp-json\/wp\/v2\/users\/104"}],"replies":[{"embeddable":true,"href":"https:\/\/varietatslocals.org\/es\/wp-json\/wp\/v2\/comments?post=5867"}],"version-history":[{"count":0,"href":"https:\/\/varietatslocals.org\/es\/wp-json\/wp\/v2\/posts\/5867\/revisions"}],"wp:featuredmedia":[{"embeddable":true,"href":"https:\/\/varietatslocals.org\/es\/wp-json\/wp\/v2\/media\/5869"}],"wp:attachment":[{"href":"https:\/\/varietatslocals.org\/es\/wp-json\/wp\/v2\/media?parent=5867"}],"wp:term":[{"taxonomy":"category","embeddable":true,"href":"https:\/\/varietatslocals.org\/es\/wp-json\/wp\/v2\/categories?post=5867"},{"taxonomy":"post_tag","embeddable":true,"href":"https:\/\/varietatslocals.org\/es\/wp-json\/wp\/v2\/tags?post=5867"}],"curies":[{"name":"wp","href":"https:\/\/api.w.org\/{rel}","templated":true}]}}