{"id":7629,"date":"2025-04-30T09:49:31","date_gmt":"2025-04-30T07:49:31","guid":{"rendered":"https:\/\/www.varietatslocals.org\/?p=7629"},"modified":"2025-05-02T14:33:14","modified_gmt":"2025-05-02T12:33:14","slug":"visita-anual-de-finca-socia","status":"publish","type":"post","link":"https:\/\/varietatslocals.org\/es\/visita-anual-de-finca-socia\/","title":{"rendered":"Visita anual de finca socia: Can Polla"},"content":{"rendered":"<p>Como cada a\u00f1o, organizamos la visita anual de finca socia. Este a\u00f1o \u00e9sta fue el viernes 25 de abril en Can Polla, Son Mesquida (Felanitx), una finca familiar, donde todos los miembros son socios nuestros.<\/p>\n\n\n\n<figure class=\"wp-block-gallery has-nested-images columns-default is-cropped wp-block-gallery-1 is-layout-flex wp-block-gallery-is-layout-flex\">\n<figure class=\"wp-block-image size-large\"><img fetchpriority=\"high\" decoding=\"async\" width=\"1080\" height=\"1080\" data-id=\"7630\" src=\"https:\/\/www.varietatslocals.org\/wp-content\/uploads\/2025\/04\/Disseny-sense-titol-1-1.jpg\" alt=\"\" class=\"wp-image-7630\" title=\"\" srcset=\"https:\/\/varietatslocals.org\/wp-content\/uploads\/2025\/04\/Disseny-sense-titol-1-1.jpg 1080w, https:\/\/varietatslocals.org\/wp-content\/uploads\/2025\/04\/Disseny-sense-titol-1-1-768x768.jpg 768w, https:\/\/varietatslocals.org\/wp-content\/uploads\/2025\/04\/Disseny-sense-titol-1-1-12x12.jpg 12w, https:\/\/varietatslocals.org\/wp-content\/uploads\/2025\/04\/Disseny-sense-titol-1-1-300x300.jpg 300w, https:\/\/varietatslocals.org\/wp-content\/uploads\/2025\/04\/Disseny-sense-titol-1-1-600x600.jpg 600w, https:\/\/varietatslocals.org\/wp-content\/uploads\/2025\/04\/Disseny-sense-titol-1-1-100x100.jpg 100w\" sizes=\"(max-width: 1080px) 100vw, 1080px\" \/><\/figure>\n\n\n\n<figure class=\"wp-block-image size-large\"><img decoding=\"async\" width=\"1080\" height=\"1080\" data-id=\"7631\" src=\"https:\/\/www.varietatslocals.org\/wp-content\/uploads\/2025\/04\/Disseny-sense-titol-4.jpg\" alt=\"\" class=\"wp-image-7631\" title=\"\" srcset=\"https:\/\/varietatslocals.org\/wp-content\/uploads\/2025\/04\/Disseny-sense-titol-4.jpg 1080w, https:\/\/varietatslocals.org\/wp-content\/uploads\/2025\/04\/Disseny-sense-titol-4-768x768.jpg 768w, https:\/\/varietatslocals.org\/wp-content\/uploads\/2025\/04\/Disseny-sense-titol-4-12x12.jpg 12w, https:\/\/varietatslocals.org\/wp-content\/uploads\/2025\/04\/Disseny-sense-titol-4-300x300.jpg 300w, https:\/\/varietatslocals.org\/wp-content\/uploads\/2025\/04\/Disseny-sense-titol-4-600x600.jpg 600w, https:\/\/varietatslocals.org\/wp-content\/uploads\/2025\/04\/Disseny-sense-titol-4-100x100.jpg 100w\" sizes=\"(max-width: 1080px) 100vw, 1080px\" \/><\/figure>\n<\/figure>\n\n\n\n<p>Maria Eul\u00e0lia, Lloren\u00e7 y Cosme nos mostraron su finca, donde cultivan variedades locales de frutales y de cereales, como trigo muerto, trigo chesa y cebada mallorqu\u00edn. Tambi\u00e9n tienen razas aut\u00f3ctonas, como la oveja mallorquina o el cerdo negro mallorqu\u00edn.<\/p>\n\n\n\n<p>Aprendimos el manejo que hacen de la finca y de los diferentes cultivos, y c\u00f3mo lo gestionan para hacer su propia comida por los animales.<\/p>\n\n\n\n<p>Despu\u00e9s de que nos lo contaran todo, \u00a1hicimos una merienda bien completa!<\/p>\n\n\n\n<figure class=\"wp-block-gallery has-nested-images columns-default is-cropped wp-block-gallery-2 is-layout-flex wp-block-gallery-is-layout-flex\">\n<figure class=\"wp-block-image size-large\"><img decoding=\"async\" width=\"1080\" height=\"1080\" data-id=\"7632\" src=\"https:\/\/www.varietatslocals.org\/wp-content\/uploads\/2025\/04\/Disseny-sense-titol-3-1.jpg\" alt=\"\" class=\"wp-image-7632\" title=\"\" srcset=\"https:\/\/varietatslocals.org\/wp-content\/uploads\/2025\/04\/Disseny-sense-titol-3-1.jpg 1080w, https:\/\/varietatslocals.org\/wp-content\/uploads\/2025\/04\/Disseny-sense-titol-3-1-768x768.jpg 768w, https:\/\/varietatslocals.org\/wp-content\/uploads\/2025\/04\/Disseny-sense-titol-3-1-12x12.jpg 12w, https:\/\/varietatslocals.org\/wp-content\/uploads\/2025\/04\/Disseny-sense-titol-3-1-300x300.jpg 300w, https:\/\/varietatslocals.org\/wp-content\/uploads\/2025\/04\/Disseny-sense-titol-3-1-600x600.jpg 600w, https:\/\/varietatslocals.org\/wp-content\/uploads\/2025\/04\/Disseny-sense-titol-3-1-100x100.jpg 100w\" sizes=\"(max-width: 1080px) 100vw, 1080px\" \/><\/figure>\n\n\n\n<figure class=\"wp-block-image size-large\"><img loading=\"lazy\" decoding=\"async\" width=\"1080\" height=\"1080\" data-id=\"7633\" src=\"https:\/\/www.varietatslocals.org\/wp-content\/uploads\/2025\/04\/Disseny-sense-titol-2-1.jpg\" alt=\"\" class=\"wp-image-7633\" title=\"\" srcset=\"https:\/\/varietatslocals.org\/wp-content\/uploads\/2025\/04\/Disseny-sense-titol-2-1.jpg 1080w, https:\/\/varietatslocals.org\/wp-content\/uploads\/2025\/04\/Disseny-sense-titol-2-1-768x768.jpg 768w, https:\/\/varietatslocals.org\/wp-content\/uploads\/2025\/04\/Disseny-sense-titol-2-1-12x12.jpg 12w, https:\/\/varietatslocals.org\/wp-content\/uploads\/2025\/04\/Disseny-sense-titol-2-1-300x300.jpg 300w, https:\/\/varietatslocals.org\/wp-content\/uploads\/2025\/04\/Disseny-sense-titol-2-1-600x600.jpg 600w, https:\/\/varietatslocals.org\/wp-content\/uploads\/2025\/04\/Disseny-sense-titol-2-1-100x100.jpg 100w\" sizes=\"(max-width: 1080px) 100vw, 1080px\" \/><\/figure>\n<\/figure>\n\n\n\n<p><a href=\"https:\/\/s297838343.mialojamiento.es\" target=\"_blank\" rel=\"noopener\">#variedadeslocales #visitafincasocia<\/a><\/p>","protected":false},"excerpt":{"rendered":"<p>Com cada any, v\u00e0rem organitzar la visita anual de finca s\u00f2cia. Aquest any aquesta va ser el divendres 25 d&#8217;abril a Can Polla, Son Mesquida (Felanitx), una finca familiar, on tots els membres s\u00f3n socis nostres. Na Maria Eul\u00e0lia, en Lloren\u00e7 i en Cosme ens mostraren la seva finca, on cultiven varietats locals de fruiters [&hellip;]<\/p>\n","protected":false},"author":104,"featured_media":7630,"comment_status":"closed","ping_status":"open","sticky":false,"template":"","format":"standard","meta":{"_joinchat":[],"footnotes":""},"categories":[24],"tags":[85],"class_list":["post-7629","post","type-post","status-publish","format-standard","has-post-thumbnail","hentry","category-actualitat-formacio","tag-visitafincasocia"],"_links":{"self":[{"href":"https:\/\/varietatslocals.org\/es\/wp-json\/wp\/v2\/posts\/7629","targetHints":{"allow":["GET"]}}],"collection":[{"href":"https:\/\/varietatslocals.org\/es\/wp-json\/wp\/v2\/posts"}],"about":[{"href":"https:\/\/varietatslocals.org\/es\/wp-json\/wp\/v2\/types\/post"}],"author":[{"embeddable":true,"href":"https:\/\/varietatslocals.org\/es\/wp-json\/wp\/v2\/users\/104"}],"replies":[{"embeddable":true,"href":"https:\/\/varietatslocals.org\/es\/wp-json\/wp\/v2\/comments?post=7629"}],"version-history":[{"count":0,"href":"https:\/\/varietatslocals.org\/es\/wp-json\/wp\/v2\/posts\/7629\/revisions"}],"wp:featuredmedia":[{"embeddable":true,"href":"https:\/\/varietatslocals.org\/es\/wp-json\/wp\/v2\/media\/7630"}],"wp:attachment":[{"href":"https:\/\/varietatslocals.org\/es\/wp-json\/wp\/v2\/media?parent=7629"}],"wp:term":[{"taxonomy":"category","embeddable":true,"href":"https:\/\/varietatslocals.org\/es\/wp-json\/wp\/v2\/categories?post=7629"},{"taxonomy":"post_tag","embeddable":true,"href":"https:\/\/varietatslocals.org\/es\/wp-json\/wp\/v2\/tags?post=7629"}],"curies":[{"name":"wp","href":"https:\/\/api.w.org\/{rel}","templated":true}]}}