{"id":9837,"date":"2026-04-17T10:47:37","date_gmt":"2026-04-17T08:47:37","guid":{"rendered":"https:\/\/varietatslocals.org\/?p=9837"},"modified":"2026-04-17T10:47:40","modified_gmt":"2026-04-17T08:47:40","slug":"visita-de-biela-y-tierra","status":"publish","type":"post","link":"https:\/\/varietatslocals.org\/es\/visita-de-biela-y-tierra\/","title":{"rendered":"Visita de Biela y Tierra"},"content":{"rendered":"<p>El mes pasado recibimos la visita de Edurne Caballero y Ana Santidri\u00e1n, de <a href=\"https:\/\/www.instagram.com\/bielaytierra\/\" target=\"_blank\" rel=\"noopener\">Biela y Tierra<\/a>, una entidad que recorre diferentes iniciativas del sector agroalimentario, velando por la sostenibilidad, el ecofeminismo y la soberan\u00eda alimentaria.<\/p>\n\n\n\n<p>A lo largo de dos meses, han visitado varios proyectos por todo el territorio para conocer de cerca experiencias transformadoras vinculadas a la producci\u00f3n y al consumo de alimentos.<\/p>\n\n\n\n<p>Entre estas iniciativas, se encuentra la Asociaci\u00f3n, donde les pudimos mostrar las diferentes tareas que se llevan a cabo, as\u00ed como el trabajo de recuperaci\u00f3n, conservaci\u00f3n y divulgaci\u00f3n de las variedades locales.<\/p>\n\n\n\n<figure class=\"wp-block-image size-full\"><img fetchpriority=\"high\" decoding=\"async\" width=\"720\" height=\"405\" src=\"https:\/\/varietatslocals.org\/wp-content\/uploads\/2026\/04\/Foto-grup.jpeg\" alt=\"\" class=\"wp-image-9838\" title=\"\" srcset=\"https:\/\/varietatslocals.org\/wp-content\/uploads\/2026\/04\/Foto-grup.jpeg 720w, https:\/\/varietatslocals.org\/wp-content\/uploads\/2026\/04\/Foto-grup-18x10.jpeg 18w, https:\/\/varietatslocals.org\/wp-content\/uploads\/2026\/04\/Foto-grup-600x338.jpeg 600w\" sizes=\"(max-width: 720px) 100vw, 720px\" \/><\/figure>","protected":false},"excerpt":{"rendered":"<p>El mes passat vam rebre la visita de n\u2019Edurne Caballero i n\u2019Ana Santidri\u00e1n, de Biela y Tierra, una entitat que recorr diferents iniciatives del sector agroalimentari, vetllant per la sostenibilitat, l\u2019ecofeminisme i la sobirania aliment\u00e0ria. Al llarg de dos mesos, han visitat diversos projectes arreu del territori per con\u00e8ixer de prop experi\u00e8ncies transformadores vinculades a [&hellip;]<\/p>\n","protected":false},"author":104,"featured_media":9833,"comment_status":"closed","ping_status":"open","sticky":false,"template":"","format":"standard","meta":{"_joinchat":[],"footnotes":""},"categories":[24],"tags":[],"class_list":["post-9837","post","type-post","status-publish","format-standard","has-post-thumbnail","hentry","category-actualitat-formacio"],"_links":{"self":[{"href":"https:\/\/varietatslocals.org\/es\/wp-json\/wp\/v2\/posts\/9837","targetHints":{"allow":["GET"]}}],"collection":[{"href":"https:\/\/varietatslocals.org\/es\/wp-json\/wp\/v2\/posts"}],"about":[{"href":"https:\/\/varietatslocals.org\/es\/wp-json\/wp\/v2\/types\/post"}],"author":[{"embeddable":true,"href":"https:\/\/varietatslocals.org\/es\/wp-json\/wp\/v2\/users\/104"}],"replies":[{"embeddable":true,"href":"https:\/\/varietatslocals.org\/es\/wp-json\/wp\/v2\/comments?post=9837"}],"version-history":[{"count":1,"href":"https:\/\/varietatslocals.org\/es\/wp-json\/wp\/v2\/posts\/9837\/revisions"}],"predecessor-version":[{"id":9839,"href":"https:\/\/varietatslocals.org\/es\/wp-json\/wp\/v2\/posts\/9837\/revisions\/9839"}],"wp:featuredmedia":[{"embeddable":true,"href":"https:\/\/varietatslocals.org\/es\/wp-json\/wp\/v2\/media\/9833"}],"wp:attachment":[{"href":"https:\/\/varietatslocals.org\/es\/wp-json\/wp\/v2\/media?parent=9837"}],"wp:term":[{"taxonomy":"category","embeddable":true,"href":"https:\/\/varietatslocals.org\/es\/wp-json\/wp\/v2\/categories?post=9837"},{"taxonomy":"post_tag","embeddable":true,"href":"https:\/\/varietatslocals.org\/es\/wp-json\/wp\/v2\/tags?post=9837"}],"curies":[{"name":"wp","href":"https:\/\/api.w.org\/{rel}","templated":true}]}}