{"id":9840,"date":"2026-04-17T11:35:42","date_gmt":"2026-04-17T09:35:42","guid":{"rendered":"https:\/\/varietatslocals.org\/?p=9840"},"modified":"2026-04-17T11:35:46","modified_gmt":"2026-04-17T09:35:46","slug":"tenemos-dos-alumnos-de-practicas-para-este-trimestre","status":"publish","type":"post","link":"https:\/\/varietatslocals.org\/es\/tenim-dos-alumnes-de-practiques-per-aquest-trimestre\/","title":{"rendered":"Tenemos dos alumnos de pr\u00e1cticas para este trimestre"},"content":{"rendered":"<p>Neus y Alejandro son alumnos de Biolog\u00eda y Geograf\u00eda de la Universidad de las Islas Baleares respectivamente y cursan las pr\u00e1cticas externas a la Asociaci\u00f3n.<\/p>\n\n\n\n<p>Las pr\u00e1cticas les permiten desarrollar las competencias profesionales, adquirir nuevos aprendizajes y conocer la realidad de una asociaci\u00f3n como la nuestra.<\/p>\n\n\n\n<p>Neus y Alejandro participan de diferentes actividades relacionadas con la multiplicaci\u00f3n de semillas y de \u00e1rboles frutales, especialmente los lunes, cuando llevamos a cabo las jornadas de voluntariado.<\/p>\n\n\n\n<p>En la Asociaci\u00f3n valoramos mucho el hecho de que nos elijan, nos conozcan y participen con mucha dedicaci\u00f3n a nuestro d\u00eda a d\u00eda para que los alumnos de pr\u00e1cticas nos aporten una visi\u00f3n fresca, talento joven e ideas nuevas.<\/p>\n\n\n\n<figure class=\"wp-block-image size-full\"><img fetchpriority=\"high\" decoding=\"async\" width=\"2040\" height=\"1536\" src=\"https:\/\/varietatslocals.org\/wp-content\/uploads\/2026\/04\/Alejandro-Matas-i-Neus-abril2026.jpeg\" alt=\"\" class=\"wp-image-9831\" title=\"\" srcset=\"https:\/\/varietatslocals.org\/wp-content\/uploads\/2026\/04\/Alejandro-Matas-i-Neus-abril2026.jpeg 2040w, https:\/\/varietatslocals.org\/wp-content\/uploads\/2026\/04\/Alejandro-Matas-i-Neus-abril2026-768x578.jpeg 768w, https:\/\/varietatslocals.org\/wp-content\/uploads\/2026\/04\/Alejandro-Matas-i-Neus-abril2026-1536x1157.jpeg 1536w, https:\/\/varietatslocals.org\/wp-content\/uploads\/2026\/04\/Alejandro-Matas-i-Neus-abril2026-16x12.jpeg 16w, https:\/\/varietatslocals.org\/wp-content\/uploads\/2026\/04\/Alejandro-Matas-i-Neus-abril2026-1320x994.jpeg 1320w, https:\/\/varietatslocals.org\/wp-content\/uploads\/2026\/04\/Alejandro-Matas-i-Neus-abril2026-600x452.jpeg 600w\" sizes=\"(max-width: 2040px) 100vw, 2040px\" \/><\/figure>","protected":false},"excerpt":{"rendered":"<p>Na Neus i n&#8217;Alejandro s\u00f3n alumnes de Biologia i Geografia de la Universitat de les Illes Balears respectivament i cursen les pr\u00e0ctiques externes a l&#8217;Associaci\u00f3. Les pr\u00e0ctiques els permeten desenvolupar les compet\u00e8ncies professionals, adquirir nous aprenentatges i con\u00e8ixer la realitat d&#8217;una associaci\u00f3 com la nostra. Na Neus i n&#8217;Alejandro participen de diferents activitats relacionades amb [&hellip;]<\/p>\n","protected":false},"author":104,"featured_media":9831,"comment_status":"closed","ping_status":"open","sticky":false,"template":"","format":"standard","meta":{"_joinchat":[],"footnotes":""},"categories":[24],"tags":[],"class_list":["post-9840","post","type-post","status-publish","format-standard","has-post-thumbnail","hentry","category-actualitat-formacio"],"_links":{"self":[{"href":"https:\/\/varietatslocals.org\/es\/wp-json\/wp\/v2\/posts\/9840","targetHints":{"allow":["GET"]}}],"collection":[{"href":"https:\/\/varietatslocals.org\/es\/wp-json\/wp\/v2\/posts"}],"about":[{"href":"https:\/\/varietatslocals.org\/es\/wp-json\/wp\/v2\/types\/post"}],"author":[{"embeddable":true,"href":"https:\/\/varietatslocals.org\/es\/wp-json\/wp\/v2\/users\/104"}],"replies":[{"embeddable":true,"href":"https:\/\/varietatslocals.org\/es\/wp-json\/wp\/v2\/comments?post=9840"}],"version-history":[{"count":1,"href":"https:\/\/varietatslocals.org\/es\/wp-json\/wp\/v2\/posts\/9840\/revisions"}],"predecessor-version":[{"id":9842,"href":"https:\/\/varietatslocals.org\/es\/wp-json\/wp\/v2\/posts\/9840\/revisions\/9842"}],"wp:featuredmedia":[{"embeddable":true,"href":"https:\/\/varietatslocals.org\/es\/wp-json\/wp\/v2\/media\/9831"}],"wp:attachment":[{"href":"https:\/\/varietatslocals.org\/es\/wp-json\/wp\/v2\/media?parent=9840"}],"wp:term":[{"taxonomy":"category","embeddable":true,"href":"https:\/\/varietatslocals.org\/es\/wp-json\/wp\/v2\/categories?post=9840"},{"taxonomy":"post_tag","embeddable":true,"href":"https:\/\/varietatslocals.org\/es\/wp-json\/wp\/v2\/tags?post=9840"}],"curies":[{"name":"wp","href":"https:\/\/api.w.org\/{rel}","templated":true}]}}