{"id":9843,"date":"2026-04-17T11:45:01","date_gmt":"2026-04-17T09:45:01","guid":{"rendered":"https:\/\/varietatslocals.org\/?p=9843"},"modified":"2026-04-17T11:45:04","modified_gmt":"2026-04-17T09:45:04","slug":"videopodcast-en-otra-cesta","status":"publish","type":"post","link":"https:\/\/varietatslocals.org\/es\/videopodcast-a-saltra-senalla\/","title":{"rendered":"Videopodcast en Otra Senalla"},"content":{"rendered":"<p>Con motivo del D\u00eda de la Lucha Campesina y por la Soberan\u00eda Alimentaria (17 de abril), S&#039;altra Senalla ha registrado un podcast con la participaci\u00f3n de diversas entidades.<\/p>\n\n\n\n<p>En representaci\u00f3n de la Asociaci\u00f3n de Variedades Locales, ha participado Andrea Cardona.<\/p>\n\n\n\n<p>Durante el debate se trataron temas como la justicia alimentaria, la relaci\u00f3n entre la producci\u00f3n y el consumo actual de alimentos, as\u00ed como la recuperaci\u00f3n de pr\u00e1cticas y saberes tradicionales.<\/p>\n\n\n\n<p>Tambi\u00e9n se ha reflexionado sobre la situaci\u00f3n en Mallorca, nuestros h\u00e1bitos de consumo y los caminos de futuro hacia un sistema alimenticio m\u00e1s sostenible.<\/p>\n\n\n\n<figure class=\"wp-block-image size-full\"><img fetchpriority=\"high\" decoding=\"async\" width=\"1600\" height=\"1200\" src=\"https:\/\/varietatslocals.org\/wp-content\/uploads\/2026\/04\/Disseny-sense-titol-1.jpg\" alt=\"\" class=\"wp-image-9844\" title=\"\" srcset=\"https:\/\/varietatslocals.org\/wp-content\/uploads\/2026\/04\/Disseny-sense-titol-1.jpg 1600w, https:\/\/varietatslocals.org\/wp-content\/uploads\/2026\/04\/Disseny-sense-titol-1-768x576.jpg 768w, https:\/\/varietatslocals.org\/wp-content\/uploads\/2026\/04\/Disseny-sense-titol-1-1536x1152.jpg 1536w, https:\/\/varietatslocals.org\/wp-content\/uploads\/2026\/04\/Disseny-sense-titol-1-16x12.jpg 16w, https:\/\/varietatslocals.org\/wp-content\/uploads\/2026\/04\/Disseny-sense-titol-1-1320x990.jpg 1320w, https:\/\/varietatslocals.org\/wp-content\/uploads\/2026\/04\/Disseny-sense-titol-1-600x450.jpg 600w\" sizes=\"(max-width: 1600px) 100vw, 1600px\" \/><\/figure>","protected":false},"excerpt":{"rendered":"<p>Amb motiu del Dia de la Lluita Camperola i per la Sobirania Aliment\u00e0ria (17 d\u2019abril), S\u2019altra Senalla ha enregistrat un p\u00f2dcast amb la participaci\u00f3 de diverses entitats. En representaci\u00f3 de l\u2019Associaci\u00f3 de Varietats Locals, hi ha participat n\u2019Andrea Cardona. Durant el debat s\u2019han tractat temes com la just\u00edcia aliment\u00e0ria, la relaci\u00f3 entre la producci\u00f3 i [&hellip;]<\/p>\n","protected":false},"author":104,"featured_media":9844,"comment_status":"closed","ping_status":"open","sticky":false,"template":"","format":"standard","meta":{"_joinchat":[],"footnotes":""},"categories":[24],"tags":[],"class_list":["post-9843","post","type-post","status-publish","format-standard","has-post-thumbnail","hentry","category-actualitat-formacio"],"_links":{"self":[{"href":"https:\/\/varietatslocals.org\/es\/wp-json\/wp\/v2\/posts\/9843","targetHints":{"allow":["GET"]}}],"collection":[{"href":"https:\/\/varietatslocals.org\/es\/wp-json\/wp\/v2\/posts"}],"about":[{"href":"https:\/\/varietatslocals.org\/es\/wp-json\/wp\/v2\/types\/post"}],"author":[{"embeddable":true,"href":"https:\/\/varietatslocals.org\/es\/wp-json\/wp\/v2\/users\/104"}],"replies":[{"embeddable":true,"href":"https:\/\/varietatslocals.org\/es\/wp-json\/wp\/v2\/comments?post=9843"}],"version-history":[{"count":1,"href":"https:\/\/varietatslocals.org\/es\/wp-json\/wp\/v2\/posts\/9843\/revisions"}],"predecessor-version":[{"id":9845,"href":"https:\/\/varietatslocals.org\/es\/wp-json\/wp\/v2\/posts\/9843\/revisions\/9845"}],"wp:featuredmedia":[{"embeddable":true,"href":"https:\/\/varietatslocals.org\/es\/wp-json\/wp\/v2\/media\/9844"}],"wp:attachment":[{"href":"https:\/\/varietatslocals.org\/es\/wp-json\/wp\/v2\/media?parent=9843"}],"wp:term":[{"taxonomy":"category","embeddable":true,"href":"https:\/\/varietatslocals.org\/es\/wp-json\/wp\/v2\/categories?post=9843"},{"taxonomy":"post_tag","embeddable":true,"href":"https:\/\/varietatslocals.org\/es\/wp-json\/wp\/v2\/tags?post=9843"}],"curies":[{"name":"wp","href":"https:\/\/api.w.org\/{rel}","templated":true}]}}