{"id":9870,"date":"2026-04-27T13:51:14","date_gmt":"2026-04-27T11:51:14","guid":{"rendered":"https:\/\/varietatslocals.org\/?p=9870"},"modified":"2026-04-27T13:51:24","modified_gmt":"2026-04-27T11:51:24","slug":"como-hacer-siembra-directa","status":"publish","type":"post","link":"https:\/\/varietatslocals.org\/es\/com-fer-sembra-directa\/","title":{"rendered":"C\u00f3mo hacer siembra directa"},"content":{"rendered":"<p>En el hemisferio norte, en el clima mediterr\u00e1neo, durante el mes de abril ya se puede empezar con la siembra directa de las diferentes variedades hort\u00edcolas que nos acompa\u00f1ar\u00e1n a lo largo del verano.<\/p>\n\n\n\n<p>Si tienes huerto, abril no es un mes cualquiera: es el momento ideal para empezar el huerto de verano, la tierra ofrece ya las condiciones ideales para empezar la siembra directa de muchas variedades que, con un poco de cuidado, nos alimentar\u00e1n durante todo el a\u00f1o.\u00a0<\/p>\n\n\n\n<p>Tambi\u00e9n es el momento de empezar a poner en el huerto, la cantera que habremos preparado en los meses anteriores.<\/p>\n\n\n\n<p>Pero, \u00bfde qu\u00e9 podemos hacer siembra directa? Pues de todas las especias y variedades de <a href=\"https:\/\/varietatslocals.org\/es\/categoria-producto\/semillas\/verano-2\/calabaza\/?_gl=1*10dci1d*_up*MQ..*_gs*MQ..*_ga*NTA1NTk1MzExLjE3NzcyODIxMjI.*_ga_E75ECSKTTR*czE3NzcyODIxMjEkbzEkZzEkdDE3NzcyODI0NzQkajUyJGwwJGgw&amp;gclid=EAIaIQobChMIpdzI5tuNlAMVVYCDBx0EKQX-EAAYASAAEgL2HfD_BwE&amp;gbraid=0AAAAA9l7sNdikCaFgukH13i6hpdDWRIgH\">calabazas<\/a>, <a href=\"https:\/\/varietatslocals.org\/es\/categoria-producto\/semillas\/verano-2\/melo-y-sindria\/?_gl=1*59vgae*_up*MQ..*_ga*MzU5MDgxODk2LjE3NzcyODUxMjQ.*_ga_E75ECSKTTR*czE3NzcyODUxMjQkbzEkZzAkdDE3NzcyODUxMjQkajYwJGwwJGgw&amp;gclid=EAIaIQobChMIpdzI5tuNlAMVVYCDBx0EKQX-EAAYASAAEgL2HfD_BwE&amp;gbraid=0AAAAA9l7sNdikCaFgukH13i6hpdDWRIgH\">sand\u00edas y melones<\/a>, tambi\u00e9n de las <a href=\"https:\/\/varietatslocals.org\/es\/categoria-producto\/semillas\/verano-2\/legumbres\/?_gl=1*1wahbyz*_up*MQ..*_ga*MzU5MDgxODk2LjE3NzcyODUxMjQ.*_ga_E75ECSKTTR*czE3NzcyODUxMjQkbzEkZzEkdDE3NzcyODUxMzAkajU0JGwwJGgw&amp;gclid=EAIaIQobChMIpdzI5tuNlAMVVYCDBx0EKQX-EAAYASAAEgL2HfD_BwE&amp;gbraid=0AAAAA9l7sNdikCaFgukH13i6hpdDWRIgH\">jud\u00edas y jud\u00edas<\/a>, del <a href=\"https:\/\/varietatslocals.org\/es\/categoria-producto\/semillas\/verano-2\/trigo-de-las-indias\/?_gl=1*1ls4cl7*_up*MQ..*_ga*MzU5MDgxODk2LjE3NzcyODUxMjQ.*_ga_E75ECSKTTR*czE3NzcyODUxMjQkbzEkZzEkdDE3NzcyODUxNjQkajIwJGwwJGgw&amp;gclid=EAIaIQobChMIpdzI5tuNlAMVVYCDBx0EKQX-EAAYASAAEgL2HfD_BwE&amp;gbraid=0AAAAA9l7sNdikCaFgukH13i6hpdDWRIgH\">trigo de las indias<\/a>\u2026<\/p>\n\n\n\n<p>Para los primeros cultivos mencionados, habr\u00e1 que garantizar un buen espacio en el huerto, otros como las jud\u00edas, unos buenos tutores para que trepen (las ca\u00f1as son una buena opci\u00f3n, tradicionalmente se cortan durante la luna menguante de enero).\u00a0<\/p>\n\n\n\n<p>Algunas de las variedades de <a href=\"https:\/\/varietatslocals.org\/es\/producto\/calabaza-larga\/?_gl=1*1jpzw64*_up*MQ..*_ga*MzU5MDgxODk2LjE3NzcyODUxMjQ.*_ga_E75ECSKTTR*czE3NzcyODcyNzkkbzIkZzAkdDE3NzcyODcyNzkkajYwJGwwJGgw&amp;gclid=EAIaIQobChMIpdzI5tuNlAMVVYCDBx0EKQX-EAAYASAAEgL2HfD_BwE&amp;gbraid=0AAAAA9l7sNdikCaFgukH13i6hpdDWRIgH\">calabaza como la larga<\/a> o <a href=\"https:\/\/varietatslocals.org\/es\/producto\/calabaza-pequena\/?_gl=1*fjm1pb*_up*MQ..*_ga*MzU5MDgxODk2LjE3NzcyODUxMjQ.*_ga_E75ECSKTTR*czE3NzcyODcyOTkkbzIkZzAkdDE3NzcyODcyOTkkajYwJGwwJGgw&amp;gclid=EAIaIQobChMIpdzI5tuNlAMVVYCDBx0EKQX-EAAYASAAEgL2HfD_BwE&amp;gbraid=0AAAAA9l7sNdikCaFgukH13i6hpdDWRIgH\">la peque\u00f1a<\/a> y algunos melones como el <a href=\"https:\/\/varietatslocals.org\/es\/producto\/melo-fei\/?_gl=1*1juk93h*_up*MQ..*_ga*MzU5MDgxODk2LjE3NzcyODUxMjQ.*_ga_E75ECSKTTR*czE3NzcyODczNDQkbzIkZzEkdDE3NzcyODczNTMkajUxJGwwJGgw&amp;gclid=EAIaIQobChMIpdzI5tuNlAMVVYCDBx0EKQX-EAAYASAAEgL2HfD_BwE&amp;gbraid=0AAAAA9l7sNdikCaFgukH13i6hpdDWRIgH\">mel\u00f3n fei<\/a> o el <a href=\"https:\/\/varietatslocals.org\/es\/producto\/melo-amarillo\/?_gl=1*1eksx6p*_up*MQ..*_ga*MzU5MDgxODk2LjE3NzcyODUxMjQ.*_ga_E75ECSKTTR*czE3NzcyODczNDQkbzIkZzEkdDE3NzcyODczNzkkajI1JGwwJGgw&amp;gclid=EAIaIQobChMIpdzI5tuNlAMVVYCDBx0EKQX-EAAYASAAEgL2HfD_BwE&amp;gbraid=0AAAAA9l7sNdikCaFgukH13i6hpdDWRIgH\">mel\u00f3n amarillo<\/a>, se pueden cultivar en la seca, siempre que la primavera haya sido lluviosa y el suelo lo permita.\u00a0<\/p>\n\n\n\n<p>Para poder realizar la siembra directa de cualquiera de estas variedades, por lo general, habremos preparado la tierra antes. La t\u00e9cnica es muy sencilla, hay que hacer un peque\u00f1o agujero, no demasiado profundo, y echaremos dos o tres semillas, justo despu\u00e9s taparemos. Habr\u00e1 que regar, dos consejos a tener en cuenta son: Haber dejado en remojo las semillas la tarde de antes y echar un poco agua al agujero antes de echar las semillas.\u00a0<\/p>\n\n\n\n<p>La distancia entre plantas depender\u00e1 de cada especie, a rasgos generales, las jud\u00edas y jud\u00edas unos 20-25 cm, el trigo de las indias unos 30, los melones y sand\u00edas un m\u00ednimo de 50 cm, y las calabazas de 1 m como m\u00ednimo. Todo esto acondicionado dependiendo del manejo del cultivo, ya que, en caso de hacerlo en la seca, ser\u00e1 necesario ampliar el marco de plantaci\u00f3n.<\/p>\n\n\n\n<p>\u00bfOtro sistema que podemos hacer, con la siembra directa, es la milpa, la conoces? Se trata de una pr\u00e1ctica agr\u00edcola originaria del actual M\u00e9xico y Centroam\u00e9rica, donde se combinan en un mismo espacio el cultivo del trigo de las indias, las jud\u00edas y las calabazas. Sacando beneficios un cultivo del otro. El trigo de las indias proporciona un tutor a las trepadoras jud\u00edas, \u00e9stas, fijan nitr\u00f3geno al suelo accesible tanto para el trigo como para las calabazas, y las calabazas cubren el suelo descubierto, protegi\u00e9ndolo de la radiaci\u00f3n solar, reduciendo as\u00ed la evaporaci\u00f3n de la humedad del suelo. Esta pr\u00e1ctica se ha llevado a cabo desde antes de la colonizaci\u00f3n por parte de los europeos. Y aunque all\u00ed, para realizarla, arden previamente la vegetaci\u00f3n del espacio que cultivar\u00e1n, aqu\u00ed podemos adaptarla a los m\u00e9todos de cultivo que practicamos. <\/p>\n\n\n\n<figure class=\"wp-block-image size-full is-resized\"><img fetchpriority=\"high\" decoding=\"async\" width=\"2048\" height=\"1536\" src=\"https:\/\/varietatslocals.org\/wp-content\/uploads\/2026\/04\/Sembra-directa-3.jpg\" alt=\"\" class=\"wp-image-9940\" style=\"width:165px;height:auto\" title=\"\" srcset=\"https:\/\/varietatslocals.org\/wp-content\/uploads\/2026\/04\/Sembra-directa-3.jpg 2048w, https:\/\/varietatslocals.org\/wp-content\/uploads\/2026\/04\/Sembra-directa-3-768x576.jpg 768w, https:\/\/varietatslocals.org\/wp-content\/uploads\/2026\/04\/Sembra-directa-3-1536x1152.jpg 1536w, https:\/\/varietatslocals.org\/wp-content\/uploads\/2026\/04\/Sembra-directa-3-16x12.jpg 16w, https:\/\/varietatslocals.org\/wp-content\/uploads\/2026\/04\/Sembra-directa-3-1320x990.jpg 1320w, https:\/\/varietatslocals.org\/wp-content\/uploads\/2026\/04\/Sembra-directa-3-600x450.jpg 600w\" sizes=\"(max-width: 2048px) 100vw, 2048px\" \/><figcaption class=\"wp-element-caption\">Siembra directa de jud\u00edas y trigo de las indias en una escuela<\/figcaption><\/figure>\n\n\n\n<p><\/p>\n\n\n\n<figure class=\"wp-block-image size-full is-resized\"><img decoding=\"async\" width=\"1365\" height=\"2048\" src=\"https:\/\/varietatslocals.org\/wp-content\/uploads\/2026\/04\/Sembra-directa-4-scaled.jpg\" alt=\"\" class=\"wp-image-9941\" style=\"aspect-ratio:0.6665388793048368;width:166px;height:auto\" title=\"\" srcset=\"https:\/\/varietatslocals.org\/wp-content\/uploads\/2026\/04\/Sembra-directa-4-scaled.jpg 1365w, https:\/\/varietatslocals.org\/wp-content\/uploads\/2026\/04\/Sembra-directa-4-768x1152.jpg 768w, https:\/\/varietatslocals.org\/wp-content\/uploads\/2026\/04\/Sembra-directa-4-1024x1536.jpg 1024w, https:\/\/varietatslocals.org\/wp-content\/uploads\/2026\/04\/Sembra-directa-4-8x12.jpg 8w, https:\/\/varietatslocals.org\/wp-content\/uploads\/2026\/04\/Sembra-directa-4-1320x1980.jpg 1320w, https:\/\/varietatslocals.org\/wp-content\/uploads\/2026\/04\/Sembra-directa-4-600x900.jpg 600w\" sizes=\"(max-width: 1365px) 100vw, 1365px\" \/><figcaption class=\"wp-element-caption\">Calabaza blanca de siembra directa<\/figcaption><\/figure>\n\n\n\n<p><\/p>\n\n\n\n<p><\/p>","protected":false},"excerpt":{"rendered":"<p>A l\u2019hemisferi nord, al clima mediterrani, durant el mes d\u2019abril ja es pot comen\u00e7ar amb la sembra directa de les diferents varietats hort\u00edcoles que ens acompanyaran al llarg de l\u2019estiu. Si tens hort, l\u2019abril no \u00e9s un mes qualsevol: \u00e9s el moment ideal per comen\u00e7ar l&#8217;hort d&#8217;estiu, la terra ja ofereix les condicions ideals per [&hellip;]<\/p>\n","protected":false},"author":104,"featured_media":9937,"comment_status":"closed","ping_status":"open","sticky":false,"template":"","format":"standard","meta":{"_joinchat":[],"footnotes":""},"categories":[84],"tags":[92,94,91],"class_list":["post-9870","post","type-post","status-publish","format-standard","has-post-thumbnail","hentry","category-entrades-del-blog","tag-estiu","tag-sembra-directa","tag-varietats-locals"],"_links":{"self":[{"href":"https:\/\/varietatslocals.org\/es\/wp-json\/wp\/v2\/posts\/9870","targetHints":{"allow":["GET"]}}],"collection":[{"href":"https:\/\/varietatslocals.org\/es\/wp-json\/wp\/v2\/posts"}],"about":[{"href":"https:\/\/varietatslocals.org\/es\/wp-json\/wp\/v2\/types\/post"}],"author":[{"embeddable":true,"href":"https:\/\/varietatslocals.org\/es\/wp-json\/wp\/v2\/users\/104"}],"replies":[{"embeddable":true,"href":"https:\/\/varietatslocals.org\/es\/wp-json\/wp\/v2\/comments?post=9870"}],"version-history":[{"count":2,"href":"https:\/\/varietatslocals.org\/es\/wp-json\/wp\/v2\/posts\/9870\/revisions"}],"predecessor-version":[{"id":9943,"href":"https:\/\/varietatslocals.org\/es\/wp-json\/wp\/v2\/posts\/9870\/revisions\/9943"}],"wp:featuredmedia":[{"embeddable":true,"href":"https:\/\/varietatslocals.org\/es\/wp-json\/wp\/v2\/media\/9937"}],"wp:attachment":[{"href":"https:\/\/varietatslocals.org\/es\/wp-json\/wp\/v2\/media?parent=9870"}],"wp:term":[{"taxonomy":"category","embeddable":true,"href":"https:\/\/varietatslocals.org\/es\/wp-json\/wp\/v2\/categories?post=9870"},{"taxonomy":"post_tag","embeddable":true,"href":"https:\/\/varietatslocals.org\/es\/wp-json\/wp\/v2\/tags?post=9870"}],"curies":[{"name":"wp","href":"https:\/\/api.w.org\/{rel}","templated":true}]}}