{"id":56,"count":12,"description":"<h2 class=\"font-600 text-2xl font-bold\">Llavors de col: guia per plantar al teu hort<\/h2>\r\nLes cols s\u00f3n un dels cultius m\u00e9s gratificants i nutritius que pots tenir al teu hort. A m\u00e9s de ser resistents i adaptables, ofereixen una \u00e0mplia gamma de possibilitats culin\u00e0ries. En aquesta guia, t'expliquem tot el que necessites saber per aconseguir una bona collita.\r\n<h2 class=\"text-xl font-bold text-text-200 mt-1 -mb-0.5\">Avantatges del conreu de la col<\/h2>\r\n<ul class=\"[&amp;:not(:last-child)_ul]:pb-1 [&amp;:not(:last-child)_ol]:pb-1 list-disc space-y-1.5 pl-7\">\r\n \t<li class=\"whitespace-normal break-words\">Proporciona verdures fresques durant els mesos m\u00e9s freds de l'any, quan molts altres cultius no s\u00f3n viables.<\/li>\r\n \t<li class=\"whitespace-normal break-words\">Ofereix una excel\u00b7lent relaci\u00f3 entre espai i producci\u00f3, adaptant-se tant a horts grans com a petits espais urbans.<\/li>\r\n<\/ul>\r\n<h2 class=\"text-xl font-bold text-text-200 mt-1 -mb-0.5\">Varietats de llavors de col<\/h2>\r\n<p class=\"whitespace-pre-wrap break-words\">Cada varietat de col t\u00e9 caracter\u00edstiques \u00faniques que la fan especial:<\/p>\r\n\r\n<ul class=\"[&amp;:not(:last-child)_ul]:pb-1 [&amp;:not(:last-child)_ol]:pb-1 list-disc space-y-1.5 pl-7\">\r\n \t<li class=\"whitespace-normal break-words\">La <a href=\"https:\/\/www.varietatslocals.org\/producte\/col-borratxona\/\" target=\"_blank\" rel=\"noopener\">col borratxona<\/a> \u00e9s de color verd clar amb l\u2019interior molt blanc. La planta no \u00e9s massa vigorosa i aguanta bastant b\u00e9 la sequera.<\/li>\r\n \t<li class=\"whitespace-normal break-words\">La <a href=\"https:\/\/www.varietatslocals.org\/producte\/col-de-cabdell\/\" target=\"_blank\" rel=\"noopener\">col de cabdell<\/a> \u00e9s de color verd clar, t\u00e9 l\u2019acop molt gros i molt poc bollat. \u00c9s de gust molt fi, ideal per a sopes, aguiats i trempada crua.<\/li>\r\n \t<li class=\"whitespace-normal break-words\">La\u00a0<a href=\"https:\/\/www.varietatslocals.org\/producte\/col-caputxina\/\" target=\"_blank\" rel=\"noopener\">col caputxina<\/a>\u00a0t\u00e9 un acop allargat. \u00c9s apte per menjar com a col tardana, ja que \u00e9s resistent a l\u2019espigat. \u00c9s r\u00fastica per\u00f2 molt adequada per sopes i aguiats.<\/li>\r\n<\/ul>\r\n<h2 class=\"text-xl font-bold text-text-200 mt-1 -mb-0.5\">T\u00e8cniques de cultiu<\/h2>\r\n<h3 class=\"text-lg font-bold text-text-200 mt-1 -mb-1.5\">Preparaci\u00f3 del s\u00f2l<\/h3>\r\n<ul class=\"[&amp;:not(:last-child)_ul]:pb-1 [&amp;:not(:last-child)_ol]:pb-1 list-disc space-y-1.5 pl-7\">\r\n \t<li class=\"whitespace-normal break-words\">Treballa el s\u00f2l en profunditat, incorporant compost madur per millorar-ne l'estructura.<\/li>\r\n \t<li class=\"whitespace-normal break-words\">Assegura un bon drenatge mentre mantens la capacitat de retenci\u00f3 d'aigua.<\/li>\r\n \t<li class=\"whitespace-normal break-words\">Comprova que el pH estigui entre 6.0 i 7.0 per una absorci\u00f3 \u00f2ptima de nutrients.<\/li>\r\n<\/ul>\r\n<h3 class=\"text-lg font-bold text-text-200 mt-1 -mb-1.5\">Sembra<\/h3>\r\n<ul class=\"[&amp;:not(:last-child)_ul]:pb-1 [&amp;:not(:last-child)_ol]:pb-1 list-disc space-y-1.5 pl-7\">\r\n \t<li class=\"whitespace-normal break-words\">Sembra les llavors a finals d'estiu o principis de tardor per a la majoria de varietats.<\/li>\r\n \t<li class=\"whitespace-normal break-words\">Mant\u00e9n una separaci\u00f3 adequada entre plantes (40-50 cm) per permetre un desenvolupament complet.<\/li>\r\n \t<li class=\"whitespace-normal break-words\">Estableix un programa de reg regular per\u00f2 moderat, evitant l'entollament.<\/li>\r\n<\/ul>\r\n<h3 class=\"text-lg font-bold text-text-200 mt-1 -mb-1.5\">Manteniment<\/h3>\r\n<ul class=\"[&amp;:not(:last-child)_ul]:pb-1 [&amp;:not(:last-child)_ol]:pb-1 list-disc space-y-1.5 pl-7\">\r\n \t<li class=\"whitespace-normal break-words\">Implementa un sistema de rotaci\u00f3 de cultius per prevenir malalties.<\/li>\r\n \t<li class=\"whitespace-normal break-words\">Utilitza cobertura vegetal per conservar la humitat i controlar les males herbes.<\/li>\r\n \t<li class=\"whitespace-normal break-words\">Instal\u00b7la malles protectores durant les primeres etapes de creixement.<\/li>\r\n<\/ul>\r\n<h2 class=\"text-xl font-bold text-text-200 mt-1 -mb-0.5\">Collita<\/h2>\r\n<p class=\"whitespace-pre-wrap break-words\">La collita ha de realitzar-se quan les cols han desenvolupat cabdells ferms i compactes. Les varietats de fulla es poden anar collint a mesura que es necessitin, comen\u00e7ant per les fulles exteriors.<\/p>\r\n\r\n<h2 class=\"text-xl font-bold text-text-200 mt-1 -mb-0.5\">Consells pr\u00e0ctics<\/h2>\r\n<ul class=\"[&amp;:not(:last-child)_ul]:pb-1 [&amp;:not(:last-child)_ol]:pb-1 list-disc space-y-1.5 pl-7\">\r\n \t<li class=\"whitespace-normal break-words\">Planta arom\u00e0tiques com farigola o roman\u00ed prop de les cols per repel\u00b7lir naturalment certes plagues.<\/li>\r\n \t<li class=\"whitespace-normal break-words\">Aprofita les fulles externes descartades per elaborar compost.<\/li>\r\n \t<li class=\"whitespace-normal break-words\">En climes c\u00e0lids, proporciona ombra parcial durant les hores de m\u00e0xima insolaci\u00f3.<\/li>\r\n<\/ul>\r\n<h2 class=\"font-600 text-xl font-bold\">Preguntes freq\u00fcents<\/h2>\r\n<h3 class=\"font-600 text-lg font-bold\">Quan he de sembrar?<\/h3>\r\nLa tardor \u00e9s ideal per moltes varietats, ja que creixen millor amb temperatures fresques.\r\n<h3><strong>Necessiten molt espai per cr\u00e9ixer?<\/strong><\/h3>\r\nNo, s\u00f3n perfectes per a horts urbans o testos grans.\r\n\r\nCompra avui mateix les teves <strong>llavors de col i colflori <\/strong>i comen\u00e7a a gaudir de les teves pr\u00f2pies collites saludables i delicioses.","link":"https:\/\/varietatslocals.org\/es\/categoria-producte\/llavors\/hivern\/col-i-colflori\/","name":"Semillas de col y colflori","slug":"col-y-colflori","taxonomy":"product_cat","parent":46,"meta":[],"menu_order":13,"_links":{"self":[{"href":"https:\/\/varietatslocals.org\/es\/wp-json\/wp\/v2\/product_cat\/56","targetHints":{"allow":["GET"]}}],"collection":[{"href":"https:\/\/varietatslocals.org\/es\/wp-json\/wp\/v2\/product_cat"}],"about":[{"href":"https:\/\/varietatslocals.org\/es\/wp-json\/wp\/v2\/taxonomies\/product_cat"}],"up":[{"embeddable":true,"href":"https:\/\/varietatslocals.org\/es\/wp-json\/wp\/v2\/product_cat\/46"}],"wp:post_type":[{"href":"https:\/\/varietatslocals.org\/es\/wp-json\/wp\/v2\/product?product_cat=56"}],"curies":[{"name":"wp","href":"https:\/\/api.w.org\/{rel}","templated":true}]}}